[{"@context":"https:\/\/schema.org\/","@type":"Article","@id":"https:\/\/www.kaego.cz\/ciste-pradlo\/#Article","mainEntityOfPage":"https:\/\/www.kaego.cz\/ciste-pradlo\/","headline":"\u010cist\u00e9 pr\u00e1dlo","name":"\u010cist\u00e9 pr\u00e1dlo","description":"Tak\u00e9 pat\u0159\u00edte k t\u011bm lidem, kte\u0159\u00ed maj\u00ed r\u00e1di technick\u00e9 vyn\u00e1lezy? Pokud ano, tak mi d\u00e1te za pravdu, \u017ee je velice perfektn\u00ed vyn\u00e1lez nap\u0159\u00edklad \u017eehli\u010dka. A m\u00e1m t\u00edm namysli takovou tu parn\u00ed \u017eehli\u010dku. Takov\u00e1 jako napa\u0159ovac\u00ed, kterou m\u00e1m doma i j\u00e1. A byla jsem opravdu velice r\u00e1da, \u017ee napa\u0159ovac\u00ed \u017eehli\u010dka existuje. Proto\u017ee velice \u010dasto peru, m\u00e1m...","datePublished":"2022-07-05","dateModified":"2023-05-08","author":{"@type":"Person","@id":"https:\/\/www.kaego.cz\/author\/#Person","name":"","url":"https:\/\/www.kaego.cz\/author\/","identifier":1,"image":{"@type":"ImageObject","@id":"https:\/\/secure.gravatar.com\/avatar\/ccdd701717dc93db07d73e0c11dbbb8b91524cccc3bfbd3baea83667a3ebf5d6?s=96&d=mm&r=g","url":"https:\/\/secure.gravatar.com\/avatar\/ccdd701717dc93db07d73e0c11dbbb8b91524cccc3bfbd3baea83667a3ebf5d6?s=96&d=mm&r=g","height":96,"width":96}},"publisher":{"@type":"Organization","name":"kaego.cz","logo":{"@type":"ImageObject","@id":"\/logo.png","url":"\/logo.png","width":600,"height":60}},"image":{"@type":"ImageObject","@id":"https:\/\/www.kaego.cz\/wp-content\/uploads\/laundry-963150_960_720.jpg","url":"https:\/\/www.kaego.cz\/wp-content\/uploads\/laundry-963150_960_720.jpg","height":0,"width":0},"url":"https:\/\/www.kaego.cz\/ciste-pradlo\/","about":["Technika"],"wordCount":422,"articleBody":"Tak\u00e9 pat\u0159\u00edte k t\u011bm lidem, kte\u0159\u00ed maj\u00ed r\u00e1di technick\u00e9 vyn\u00e1lezy? Pokud ano, tak mi d\u00e1te za pravdu, \u017ee je velice perfektn\u00ed vyn\u00e1lez nap\u0159\u00edklad \u017eehli\u010dka. A m\u00e1m t\u00edm namysli takovou tu parn\u00ed \u017eehli\u010dku. Takov\u00e1 jako napa\u0159ovac\u00ed, kterou m\u00e1m doma i j\u00e1. A byla jsem opravdu velice r\u00e1da, \u017ee napa\u0159ovac\u00ed \u017eehli\u010dka existuje. Proto\u017ee velice \u010dasto peru, m\u00e1m man\u017eela, kter\u00fd pracuje v pr\u00e1ci, kde se dvakr\u00e1t denn\u011b uma\u017ee. A opravdu tam m\u00e1 oble\u010den\u00ed od oleje, tak\u017ee je logick\u00e9, \u017ee alespo\u0148 n\u011bkdy i dvakr\u00e1t denn\u011b peru. Opravdu nezn\u00e1m den, kdybych t\u0159eba ani jednou neprala. Nav\u00edc m\u00e1me je\u0161t\u011b t\u0159i mal\u00e9 d\u011bti, tak\u017ee pran\u00ed pr\u00e1dla je opravdu na denn\u00edm po\u0159\u00e1dku. Opravdu si nedok\u00e1\u017eu p\u0159edstavit, \u017ee bych nem\u011bla doma n\u011bjakou pra\u010dku. Proto jsem takov\u00e1, \u017ee v\u017edycky d\u00e1m na kvalitu. Byla jsem pot\u011b\u0161ena, kdy\u017e mi p\u0159\u00edtel koupil opravdu kvalitn\u00ed pra\u010dku, kam se vejde opravdu hodn\u011b moc pr\u00e1dla. Taky jsem d\u011bkovala nejv\u00edce zato, \u017ee vynalezl skv\u011bl\u00fd technick\u00fd\u00a0vyn\u00e1lez, a to perfektn\u00ed su\u0161i\u010dku. Su\u0161i\u010dka pr\u00e1dla mi taky velice usnad\u0148uje \u017eivot, proto\u017ee nemus\u00edm nikde skl\u00e1dat mokr\u00e9 pr\u00e1dlo a v\u011b\u0161et ho n\u011bkam na v\u011b\u0161\u00e1k.\u00a0\u00a0Nejhor\u0161\u00ed to je v zim\u011b, kde pr\u00e1dlo mus\u00edm samoz\u0159ejm\u011b v\u011b\u0161et n\u011bkde doma. V\u011bt\u0161inou to bylo v ob\u00fdv\u00e1ku nebo v kuchyni, ale v kuchyni zase \u010derstv\u00e9 vypran\u00e9 pr\u00e1dlo\u00a0na\u010dichlo\u00a0t\u0159eba ob\u011bdem, kter\u00fd jsem va\u0159ila. Opravdu to potom nen\u00ed p\u0159\u00edjemn\u00e9. Tak\u017ee taky potom d\u011bkuji bohu, \u017ee vynalezl \u017eehli\u010dku, kterou zase v\u0161echno kr\u00e1sn\u011b napa\u0159\u00edm a navon\u00edm a taky vy\u017eehl\u00edm. A nav\u00edc nem\u00e1m toti\u017e r\u00e1da, kdy\u017e n\u011bkdo chod\u00ed oble\u010den\u00ed, kdy\u017e je poma\u010dkan\u00e9 a nen\u00ed v\u016fbec vy\u017eehlen\u00e9. N\u011bkdo to m\u00e1 ale \u00fapln\u011b jinak. Nap\u0159\u00edklad moje m\u00e1ma t\u0159eba v\u016fbec ne\u017eehl\u00ed oble\u010den\u00ed, a to j\u00e1 bych se z toho zbl\u00e1znila, proto\u017ee mus\u00edm\u00a0\u017eehlit skoro ka\u017ed\u00fd den. A jak to m\u00e1te vy se\u00a0\u017eehlen\u00edm? \u017dehl\u00edte ka\u017ed\u00e9 vypran\u00e9 pr\u00e1dlo\u00a0nebo\u00a0taky na\u00a0ka\u0161lete\u00a0jako moje m\u00e1ma? Sice to nep\u0159eh\u00e1n\u00edm,\u00a0ale\u00a0m\u00e1m r\u00e1da \u010distotu a\u00a0po\u0159\u00e1dek\u00a0doma.\u00a0                                                                                                                                                                                                                                                                                                                                                                                        4.2\/5 - (10 votes)        "},{"@context":"https:\/\/schema.org\/","@type":"BreadcrumbList","itemListElement":[{"@type":"ListItem","position":1,"name":"\u010cist\u00e9 pr\u00e1dlo","item":"https:\/\/www.kaego.cz\/ciste-pradlo\/#breadcrumbitem"}]}]