[{"@context":"https:\/\/schema.org\/","@type":"Article","@id":"https:\/\/www.kaego.cz\/ktere-auto-je-nejekologictejsi\/#Article","mainEntityOfPage":"https:\/\/www.kaego.cz\/ktere-auto-je-nejekologictejsi\/","headline":"Kter\u00e9 auto je nejekologi\u010dt\u011bj\u0161\u00ed","name":"Kter\u00e9 auto je nejekologi\u010dt\u011bj\u0161\u00ed","description":"Dnes se klade \u010d\u00edm d\u00e1l v\u011bt\u0161\u00ed d\u016fraz na ekologii \u2013 a popravd\u011b, je nejvy\u0161\u0161\u00ed \u010das. To se t\u00fdk\u00e1 nejen t\u0159\u00edd\u011bn\u00ed odpad\u016f, ale tak\u00e9 automobil\u016f. I ty se sna\u017e\u00ed b\u00fdt st\u00e1le \u201e\u010dist\u011bj\u0161\u00ed\u201c a \u201eekologi\u010dt\u011bj\u0161\u00ed\u201c. B\u011b\u017en\u00fd \u010dlov\u011bk se tak u\u017e pomalu ztr\u00e1c\u00ed v\u00a0tom, kter\u00fd je skute\u010dn\u011b nejlep\u0161\u00ed. Zvl\u00e1\u0161t\u011b kdy\u017e si uv\u011bdom\u00edme, \u017ee v\u0161ichni jejich v\u00fdrobci cht\u011bj\u00ed na...","datePublished":"2023-11-05","dateModified":"2023-11-05","author":{"@type":"Person","@id":"https:\/\/www.kaego.cz\/author\/#Person","name":"","url":"https:\/\/www.kaego.cz\/author\/","identifier":1,"image":{"@type":"ImageObject","@id":"https:\/\/secure.gravatar.com\/avatar\/ccdd701717dc93db07d73e0c11dbbb8b91524cccc3bfbd3baea83667a3ebf5d6?s=96&d=mm&r=g","url":"https:\/\/secure.gravatar.com\/avatar\/ccdd701717dc93db07d73e0c11dbbb8b91524cccc3bfbd3baea83667a3ebf5d6?s=96&d=mm&r=g","height":96,"width":96}},"publisher":{"@type":"Organization","name":"kaego.cz","logo":{"@type":"ImageObject","@id":"\/logo.png","url":"\/logo.png","width":600,"height":60}},"image":{"@type":"ImageObject","@id":"https:\/\/www.kaego.cz\/wp-content\/uploads\/auto27_10_4.jpg","url":"https:\/\/www.kaego.cz\/wp-content\/uploads\/auto27_10_4.jpg","height":0,"width":0},"url":"https:\/\/www.kaego.cz\/ktere-auto-je-nejekologictejsi\/","about":["Auto moto"],"wordCount":404,"articleBody":"Dnes se klade \u010d\u00edm d\u00e1l v\u011bt\u0161\u00ed d\u016fraz na ekologii \u2013 a popravd\u011b, je nejvy\u0161\u0161\u00ed \u010das. To se t\u00fdk\u00e1 nejen t\u0159\u00edd\u011bn\u00ed odpad\u016f, ale tak\u00e9 automobil\u016f. I ty se sna\u017e\u00ed b\u00fdt st\u00e1le \u201e\u010dist\u011bj\u0161\u00ed\u201c a \u201eekologi\u010dt\u011bj\u0161\u00ed\u201c. B\u011b\u017en\u00fd \u010dlov\u011bk se tak u\u017e pomalu ztr\u00e1c\u00ed v\u00a0tom, kter\u00fd je skute\u010dn\u011b nejlep\u0161\u00ed. Zvl\u00e1\u0161t\u011b kdy\u017e si uv\u011bdom\u00edme, \u017ee v\u0161ichni jejich v\u00fdrobci cht\u011bj\u00ed na sv\u00fdch produktech samoz\u0159ejm\u011b p\u0159edev\u0161\u00edm vyd\u011blat. Jak tedy poznat, kter\u00fdm vozidlem budeme \u017eivotn\u00edmu prost\u0159ed\u00ed \u0161kodit nejm\u00e9n\u011b?\u00a0Samoz\u0159ejm\u011b by se dalo okam\u017eit\u011b odpov\u011bd\u011bt, \u017ee elektromobilem. Ten p\u0159eci nevyd\u00e1v\u00e1 \u017e\u00e1dn\u00e9 emise! Ov\u0161em ani zde nen\u00ed situace tak jasn\u00e1, jak by se mohla zd\u00e1t. V\u00fdroba, zvl\u00e1\u0161t\u011b bateri\u00ed, nen\u00ed zrovna ekologick\u00e1, a jejich likvidace u\u017e v\u016fbec ne. Nehled\u011b na fakt, \u017ee pr\u00e1v\u011b tyto baterie maj\u00ed kr\u00e1tkou v\u00fddr\u017e ve srovn\u00e1n\u00ed s\u00a0klasick\u00fdmi vozidly, a to pouh\u00fdch p\u0159ibli\u017en\u011b deset let. To rozhodn\u011b nen\u00ed nic, co bychom m\u011bli cht\u00edt.\u00a0\u00a0Na druh\u00e9 stran\u011b v\u0161ak nen\u00ed pochyb, \u017ee klasick\u00e9 spalovac\u00ed motory produkuj\u00ed \u0161kodliv\u00e9 emise. Zde je v\u0161ak pot\u0159eba \u0159\u00edci, \u017ee se v\u00a0posledn\u00edch letech vyv\u00edj\u00ed \u010d\u00edm d\u00e1l ekologi\u010dt\u011bj\u0161\u00ed motory. Ty nejnov\u011bj\u0161\u00ed pak ji\u017e neprodukuj\u00ed v\u00a0podstat\u011b \u017e\u00e1dn\u00e9. I zde je ov\u0161em nutn\u00e9 m\u00edt na pam\u011bti, \u017ee je nutn\u00e9 pro ono auto n\u011bjak\u00fdm zp\u016fsobem vyt\u011b\u017eit a dopravit palivo.\u00a0\u00a0Situace tedy nen\u00ed tak jednoduch\u00e1, jak by se mohlo na prvn\u00ed pohled zd\u00e1t. V\u00a0budoucnu, jak bude v\u00fdvoj pokra\u010dovat, nen\u00ed pochyb o tom, \u017ee se elektrick\u00e1 auta skute\u010dn\u011b stanou tou lep\u0161\u00ed variantou. V\u00a0sou\u010dasn\u00e9 dob\u011b tomu tak v\u0161ak prozat\u00edm nen\u00ed. Pokud chceme \u017eivotn\u00edmu prost\u0159ed\u00ed pomoci, je nejlep\u0161\u00edm \u0159e\u0161en\u00edm koupit si automobil spl\u0148uj\u00edc\u00ed nejvy\u0161\u0161\u00ed emisn\u00ed normu.\u00a0Samoz\u0159ejm\u011b ani to situaci p\u0159\u00edli\u0161 ne\u0159e\u0161\u00ed, nebo\u0165 po\u010det vozidel neust\u00e1le stoup\u00e1, nehled\u011b na to, \u017ee jak elektromobily, tak i vozidla s\u00a0vysokou emisn\u00ed normou, jsou pom\u011brn\u011b drah\u00e9. Proto je pro v\u011bt\u0161inu lid\u00ed, pokud je to mo\u017en\u00e9, nejlep\u0161\u00edm \u0159e\u0161en\u00edm z\u00a0hlediska ekologie pou\u017e\u00edvat ve\u0159ejnou hromadnou dopravu. Bohu\u017eel, to je n\u011bco, k\u00a0\u010demu je jen m\u00e1lokdo skute\u010dn\u011b ochotn\u00fd.                                                                                                                                                                                                                                                                                                                                                                                        4\/5 - (1 vote)        "},{"@context":"https:\/\/schema.org\/","@type":"BreadcrumbList","itemListElement":[{"@type":"ListItem","position":1,"name":"Kter\u00e9 auto je nejekologi\u010dt\u011bj\u0161\u00ed","item":"https:\/\/www.kaego.cz\/ktere-auto-je-nejekologictejsi\/#breadcrumbitem"}]}]