[{"@context":"https:\/\/schema.org\/","@type":"Article","@id":"https:\/\/www.kaego.cz\/pripravte-se-na-prvni-cyklo-vyjizdku-v-novem-dresu-silvini\/#Article","mainEntityOfPage":"https:\/\/www.kaego.cz\/pripravte-se-na-prvni-cyklo-vyjizdku-v-novem-dresu-silvini\/","headline":"P\u0159ipravte se na prvn\u00ed cyklo vyj\u00ed\u017e\u010fku v nov\u00e9m dresu Silvini.","name":"P\u0159ipravte se na prvn\u00ed cyklo vyj\u00ed\u017e\u010fku v nov\u00e9m dresu Silvini.","description":"C\u00edt\u00edte ve vzduchu to jaro? U\u017e se n\u00e1m sem bl\u00ed\u017e\u00ed, tak\u017ee nast\u00e1v\u00e1 ide\u00e1ln\u00ed \u010das pro v\u0161echny v\u00e1\u0161niv\u00e9 i sv\u00e1te\u010dn\u00ed cyklisty. Na kole jezd\u00ed prakticky ka\u017ed\u00fd, n\u011bkdo jen p\u00e1rkr\u00e1t do roka na dovolen\u00e9, nebo si ud\u011bl\u00e1 cyklov\u00fdlet s kamar\u00e1dy, nebo kolegy z pr\u00e1ce, jin\u00fd jezd\u00ed pokud mo\u017eno ka\u017ed\u00fd den. Cyklistika je \u00fa\u017easn\u00fd sport, \u010dlov\u011bk prot\u00e1hne sv\u00e9...","datePublished":"2022-01-16","dateModified":"2023-05-08","author":{"@type":"Person","@id":"https:\/\/www.kaego.cz\/author\/#Person","name":"","url":"https:\/\/www.kaego.cz\/author\/","identifier":1,"image":{"@type":"ImageObject","@id":"https:\/\/secure.gravatar.com\/avatar\/ccdd701717dc93db07d73e0c11dbbb8b91524cccc3bfbd3baea83667a3ebf5d6?s=96&d=mm&r=g","url":"https:\/\/secure.gravatar.com\/avatar\/ccdd701717dc93db07d73e0c11dbbb8b91524cccc3bfbd3baea83667a3ebf5d6?s=96&d=mm&r=g","height":96,"width":96}},"publisher":{"@type":"Organization","name":"kaego.cz","logo":{"@type":"ImageObject","@id":"\/logo.png","url":"\/logo.png","width":600,"height":60}},"image":{"@type":"ImageObject","@id":"https:\/\/www.kaego.cz\/wp-content\/uploads\/bicycles-gd03b22fb4_640_1.jpg","url":"https:\/\/www.kaego.cz\/wp-content\/uploads\/bicycles-gd03b22fb4_640_1.jpg","height":0,"width":0},"url":"https:\/\/www.kaego.cz\/pripravte-se-na-prvni-cyklo-vyjizdku-v-novem-dresu-silvini\/","about":["V\u00fdrobky"],"wordCount":432,"articleBody":"   C\u00edt\u00edte ve vzduchu to jaro? U\u017e se n\u00e1m sem bl\u00ed\u017e\u00ed, tak\u017ee nast\u00e1v\u00e1 ide\u00e1ln\u00ed \u010das pro v\u0161echny v\u00e1\u0161niv\u00e9 i sv\u00e1te\u010dn\u00ed cyklisty. Na kole jezd\u00ed prakticky ka\u017ed\u00fd, n\u011bkdo jen p\u00e1rkr\u00e1t do roka na dovolen\u00e9, nebo si ud\u011bl\u00e1 cyklov\u00fdlet s kamar\u00e1dy, nebo kolegy z pr\u00e1ce, jin\u00fd jezd\u00ed pokud mo\u017eno ka\u017ed\u00fd den. Cyklistika je \u00fa\u017easn\u00fd sport, \u010dlov\u011bk prot\u00e1hne sv\u00e9 t\u011blo a p\u0159itom je venku, na \u010derstv\u00e9m vzduchu a je\u0161t\u011b se m\u016f\u017ee kochat krajinou, kterou zrovna proj\u00ed\u017ed\u00ed. Tak\u00e9 je tento sport rok od roku obl\u00edben\u011bj\u0161\u00ed a v\u011bnuje se mu \u010d\u00edm d\u00e1l v\u00edce lid\u00ed. Hlavn\u011b v jarn\u00edch a letn\u00edch m\u011bs\u00edc\u00edch cel\u00e9 skupiny cyklist\u016f zaplavuj\u00ed silnice a silni\u010dky.Tak\u017ee nyn\u00ed v p\u0159edja\u0159\u00ed, je\u0161t\u011b d\u0159\u00edve, ne\u017e se\u0159\u00edd\u00edte sv\u00e9 kolo a poprv\u00e9 vyraz\u00edte, je t\u0159eba se zamyslet, v jak\u00e9m stavu je va\u0161e cyklistick\u00e9 oble\u010den\u00ed, jestli opravdu m\u00e1te v\u0161e, co pot\u0159ebujete a jestli va\u0161e v\u00fdbava je bezpe\u010dn\u00e1. Zkr\u00e1tka a dob\u0159e \u00fapln\u011b nejlep\u0161\u00ed bude rovnou otev\u0159\u00edt str\u00e1nky internetov\u00e9ho obchodu e-store, kter\u00fd m\u00e1 pr\u00e1v\u011b velik\u00fd Silvini v\u00fdprodej oble\u010den\u00ed na kolo. Ceny jsou v\u00edce ne\u017e p\u0159\u00edzniv\u00e9 a nav\u00edc doprava zdarma. Pod\u00edvejte se, co tento obchod nab\u00edz\u00ed, proto\u017ee v\u011b\u0159\u00edm, \u017ee s pr\u00e1zdnou neodejdete. V\u0161echno oble\u010den\u00ed je z kvalitn\u00edch materi\u00e1l\u016f a zhotoveno c\u00edlen\u011b pro tento druh sportu, tak\u017ee anatomick\u00fd tvar, p\u0159izp\u016fsoben\u00fd st\u0159ih i savost materi\u00e1lu p\u0159esn\u011b odpov\u00edd\u00e1 pot\u0159eb\u00e1m cyklisty.Nav\u00edc jsou od\u011bvy opat\u0159eny reflexn\u00edmi prvky, co\u017e je takov\u00fd nem\u00e9n\u011b podstatn\u00fd detail. Zvl\u00e1\u0161t\u011b v jarn\u00edch m\u011bs\u00edc\u00edch, v\u00e1s m\u016f\u017ee venku p\u0159ekvapit tma a je t\u0159eba ne jen vid\u011bt, ale i b\u00fdt vid\u011bn. Tak\u017ee na \u010d\u00edm del\u0161\u00ed vzd\u00e1lenost si v\u00e1s \u0159idi\u010d auta v\u0161imne, t\u00edm l\u00e9pe pro v\u00e1s. Sr\u00e1\u017eka cyklisty s automobilem, m\u00e1 bohu\u017eel \u010dasto pr\u00e1v\u011b pro cyklistu fat\u00e1ln\u00ed n\u00e1sledky. Tak\u017ee nev\u00e1hejte a vyu\u017eijte t\u00e9to slevy je\u0161t\u011b p\u0159ed sez\u00f3nou, uvid\u00edte, \u017ee nebudete litovat a tepl\u00e9 po\u010das\u00ed, v\u00e1s nezastihne nep\u0159ipraven\u00e9. Hned prvn\u00ed slune\u010dn\u00fd den, m\u016f\u017eete s klidem sednout na kolo a vyrazit na prvn\u00ed proj\u00ed\u017e\u010fku v nov\u00e9m dresu a bund\u011b.                                                                                                                                                                                                                                                                                                                                                                                          4.4\/5 - (9 votes)        "},{"@context":"https:\/\/schema.org\/","@type":"BreadcrumbList","itemListElement":[{"@type":"ListItem","position":1,"name":"P\u0159ipravte se na prvn\u00ed cyklo vyj\u00ed\u017e\u010fku v nov\u00e9m dresu Silvini.","item":"https:\/\/www.kaego.cz\/pripravte-se-na-prvni-cyklo-vyjizdku-v-novem-dresu-silvini\/#breadcrumbitem"}]}]