[{"@context":"https:\/\/schema.org\/","@type":"Article","@id":"https:\/\/www.kaego.cz\/stehovat-se-muzete-i-ekologicky\/#Article","mainEntityOfPage":"https:\/\/www.kaego.cz\/stehovat-se-muzete-i-ekologicky\/","headline":"St\u011bhovat se m\u016f\u017eete i ekologicky","name":"St\u011bhovat se m\u016f\u017eete i ekologicky","description":"Jak si p\u0159edstavit ekologick\u00e9 st\u011bhov\u00e1n\u00ed a obalov\u00e9 materi\u00e1ly odnesto.cz? Kdybych se musel nyn\u00ed st\u011bhovat a opustit sv\u016fj byt v kr\u00e1sn\u00e9 horsk\u00e9 lokalit\u011b, zorganizoval bych to asi takto: Za prv\u00e9 bych po\u0159\u00eddil dostate\u010dn\u011b pevn\u00e9 kartonov\u00e9 krabice, kter\u00e9 se nemohou protrhnout, nejsou rozm\u00e1\u010den\u00e9 a za\u0161pin\u011bn\u00e9. N\u011bkter\u00e9 krabice by se mohly hodit z bal\u00edk\u016f, co odes\u00edlaj\u00ed e-shopy, kde...","datePublished":"2025-12-07","dateModified":"2025-12-07","author":{"@type":"Person","@id":"https:\/\/www.kaego.cz\/author\/#Person","name":"","url":"https:\/\/www.kaego.cz\/author\/","identifier":1,"image":{"@type":"ImageObject","@id":"https:\/\/secure.gravatar.com\/avatar\/ccdd701717dc93db07d73e0c11dbbb8b91524cccc3bfbd3baea83667a3ebf5d6?s=96&d=mm&r=g","url":"https:\/\/secure.gravatar.com\/avatar\/ccdd701717dc93db07d73e0c11dbbb8b91524cccc3bfbd3baea83667a3ebf5d6?s=96&d=mm&r=g","height":96,"width":96}},"publisher":{"@type":"Organization","name":"kaego.cz","logo":{"@type":"ImageObject","@id":"\/logo.png","url":"\/logo.png","width":600,"height":60}},"image":{"@type":"ImageObject","@id":"https:\/\/www.kaego.cz\/wp-content\/uploads\/sheep-3110010_640_10_7.jpg","url":"https:\/\/www.kaego.cz\/wp-content\/uploads\/sheep-3110010_640_10_7.jpg","height":0,"width":0},"url":"https:\/\/www.kaego.cz\/stehovat-se-muzete-i-ekologicky\/","about":["Slu\u017eby"],"wordCount":433,"articleBody":"       Jak si p\u0159edstavit ekologick\u00e9 st\u011bhov\u00e1n\u00ed a obalov\u00e9 materi\u00e1ly odnesto.cz? Kdybych se musel nyn\u00ed st\u011bhovat a opustit sv\u016fj byt v kr\u00e1sn\u00e9 horsk\u00e9 lokalit\u011b, zorganizoval bych to asi takto:Za prv\u00e9 bych po\u0159\u00eddil dostate\u010dn\u011b pevn\u00e9 kartonov\u00e9 krabice, kter\u00e9 se nemohou protrhnout, nejsou rozm\u00e1\u010den\u00e9 a za\u0161pin\u011bn\u00e9. N\u011bkter\u00e9 krabice by se mohly hodit z bal\u00edk\u016f, co odes\u00edlaj\u00ed e-shopy, kde bych si objednal n\u011bjak\u00e9 pot\u0159ebn\u00e9 zbo\u017e\u00ed.Za druh\u00e9 bych si opat\u0159il pap\u00edrovou lepic\u00ed p\u00e1sku a dal j\u00ed p\u0159ednost p\u0159ed p\u00e1skou z plastu. T\u00edm bych p\u0159isp\u011bl ke sn\u00ed\u017een\u00ed mno\u017estv\u00ed mikroplast\u016f v p\u0159\u00edrod\u011b. K zabezpe\u010den\u00ed v\u011bc\u00ed v krabic\u00edch a mo\u017en\u00e1 i ke zlep\u0161en\u00ed \u00fachopu p\u0159i p\u0159en\u00e1\u0161en\u00ed krabic bych po\u0159\u00eddil pevn\u00fd bavln\u011bn\u00fd nebo jutov\u00fd prov\u00e1zek.Za t\u0159et\u00ed bych demontoval ve\u0161ker\u00fd rozeb\u00edrateln\u00fd n\u00e1bytek a jednotliv\u00e9 d\u00edly bych spojil k sob\u011b a prolo\u017eil pap\u00edrov\u00fdm kartonem, aby se nepo\u0161kodily. Za \u010dtvrt\u00e9 bych p\u0159elepil velk\u00e9 spot\u0159ebi\u010de tenkou stre\u010dovou f\u00f3li\u00ed, kter\u00e1 je sice plastov\u00e1, ale je velmi tenk\u00e1 a nen\u00ed z toho tolik odpadu.Za p\u00e1t\u00e9 bych v\u011bci v krabic\u00edch vycp\u00e1val kraftov\u00fdm pap\u00edrem a nam\u00edsto bublinkov\u00e9 f\u00f3lie bych vyu\u017eil wrapov\u00fd pap\u00edr, jeho\u017e struktura m\u016f\u017ee p\u0159ipom\u00ednat v\u010del\u00ed pl\u00e1stev. Oba typy pap\u00edru se daj\u00ed vyu\u017e\u00edt pro balen\u00ed v\u011bc\u00ed v krabic\u00edch i pro vypl\u0148ov\u00e1n\u00ed pr\u00e1zdn\u00e9ho m\u00edsta v krabic\u00edch. Kraftov\u00fd pap\u00edr m\u00e1 hn\u011bdou barvu a p\u0159ipad\u00e1 mi velmi elegantn\u00ed a vhodn\u00fd i pro balen\u00ed r\u016fzn\u00fdch d\u00e1rk\u016f nebo pro v\u00fdtvarnou \u010dinnost. Zabalil bych do n\u011bj i d\u00e1rky pod v\u00e1no\u010dn\u00ed stromek, kter\u00e9 bych pak je\u0161t\u011b p\u0159ev\u00e1zal \u010dervenou stuhou.A za \u0161est\u00e9 bych ve\u0161ker\u00e9 pap\u00edrov\u00e9 i plastov\u00e9 materi\u00e1ly po ukon\u010den\u00ed st\u011bhov\u00e1n\u00ed a vybalen\u00ed v\u011bc\u00ed odlo\u017eil do pat\u0159i\u010dn\u00fdch kontejner\u016f na t\u0159\u00edd\u011bn\u00fd odpad, aby je bylo mo\u017en\u00e9 recyklovat a vyr\u00e1b\u011bt z nich dal\u0161\u00ed pot\u0159ebn\u00e9 p\u0159edm\u011bty. T\u00edm bych sn\u00ed\u017eil ekologickou z\u00e1t\u011b\u017e p\u0159i st\u011bhov\u00e1n\u00ed na minimum. Z\u00e1rove\u0148 bych p\u0159i balen\u00ed v\u011bc\u00ed p\u0159ed st\u011bhov\u00e1n\u00edm v\u0161echny sv\u00e9 v\u011bci prot\u0159\u00eddil a to nepot\u0159ebn\u00e9 bych rozdal, prodal p\u0159es bazar nebo nechal odv\u00e9zt na sb\u011brn\u00fd dv\u016fr.                                                                                                                                                                                                                                                                                                                                                                                          4.5\/5 - (2 votes)        "},{"@context":"https:\/\/schema.org\/","@type":"BreadcrumbList","itemListElement":[{"@type":"ListItem","position":1,"name":"St\u011bhovat se m\u016f\u017eete i ekologicky","item":"https:\/\/www.kaego.cz\/stehovat-se-muzete-i-ekologicky\/#breadcrumbitem"}]}]